{"id":12017,"date":"2019-10-01T21:41:18","date_gmt":"2019-10-01T21:41:18","guid":{"rendered":"https:\/\/grupac.es\/?p=12017"},"modified":"2019-10-01T21:45:25","modified_gmt":"2019-10-01T21:45:25","slug":"grupac-will-be-present-at-fruitattraction19","status":"publish","type":"post","link":"https:\/\/grupac.es\/en\/grupac-will-be-present-at-fruitattraction19\/","title":{"rendered":"Grupac will be present at FruitAttraction19"},"content":{"rendered":"\n<p>Un A\u00f1o m\u00e1s, Grupo Agr\u00edcola Grupac ,\nS.A. estar\u00e1 presente en la Feria de Madrid.<\/p>\n\n\n\n<p>Estaremos encantados de\nrecibirles.<\/p>\n","protected":false},"excerpt":{"rendered":"<p>Un A\u00f1o m\u00e1s, Grupo Agr\u00edcola Grupac , S.A. estar\u00e1 presente en la Feria de Madrid. Estaremos encantados de recibirles.<\/p>\n","protected":false},"author":2,"featured_media":12019,"comment_status":"closed","ping_status":"closed","sticky":false,"template":"","format":"standard","meta":{"footnotes":""},"categories":[319],"tags":[],"yoast_head":"<!-- This site is optimized with the Yoast SEO plugin v21.4 - https:\/\/yoast.com\/wordpress\/plugins\/seo\/ -->\n<title>Grupac will be present at FruitAttraction19 - grupac.es<\/title>\n<meta name=\"robots\" content=\"index, follow, max-snippet:-1, max-image-preview:large, max-video-preview:-1\" \/>\n<link rel=\"canonical\" href=\"https:\/\/grupac.es\/en\/grupac-will-be-present-at-fruitattraction19\/\" \/>\n<meta property=\"og:locale\" content=\"en_US\" \/>\n<meta property=\"og:type\" content=\"article\" \/>\n<meta property=\"og:title\" content=\"Grupac will be present at FruitAttraction19 - grupac.es\" \/>\n<meta property=\"og:description\" content=\"Un A\u00f1o m\u00e1s, Grupo Agr\u00edcola Grupac , S.A. estar\u00e1 presente en la Feria de Madrid. Estaremos encantados de recibirles.\" \/>\n<meta property=\"og:url\" content=\"https:\/\/grupac.es\/en\/grupac-will-be-present-at-fruitattraction19\/\" \/>\n<meta property=\"og:site_name\" content=\"grupac.es\" \/>\n<meta property=\"article:published_time\" content=\"2019-10-01T21:41:18+00:00\" \/>\n<meta property=\"article:modified_time\" content=\"2019-10-01T21:45:25+00:00\" \/>\n<meta property=\"og:image\" content=\"https:\/\/grupac.es\/wp-content\/uploads\/2019\/09\/banner-fruit-attraction19-grupac.png\" \/>\n\t<meta property=\"og:image:width\" content=\"867\" \/>\n\t<meta property=\"og:image:height\" content=\"168\" \/>\n\t<meta property=\"og:image:type\" content=\"image\/png\" \/>\n<meta name=\"author\" content=\"Grupac Grupo Agricola\" \/>\n<meta name=\"twitter:card\" content=\"summary_large_image\" \/>\n<meta name=\"twitter:label1\" content=\"Written by\" \/>\n\t<meta name=\"twitter:data1\" content=\"Grupac Grupo Agricola\" \/>\n<script type=\"application\/ld+json\" class=\"yoast-schema-graph\">{\"@context\":\"https:\/\/schema.org\",\"@graph\":[{\"@type\":\"WebPage\",\"@id\":\"https:\/\/grupac.es\/en\/grupac-will-be-present-at-fruitattraction19\/\",\"url\":\"https:\/\/grupac.es\/en\/grupac-will-be-present-at-fruitattraction19\/\",\"name\":\"Grupac will be present at FruitAttraction19 - grupac.es\",\"isPartOf\":{\"@id\":\"https:\/\/grupac.es\/en\/#website\"},\"datePublished\":\"2019-10-01T21:41:18+00:00\",\"dateModified\":\"2019-10-01T21:45:25+00:00\",\"author\":{\"@id\":\"https:\/\/grupac.es\/en\/#\/schema\/person\/a1479e59361e953b060beb199f8d7e82\"},\"breadcrumb\":{\"@id\":\"https:\/\/grupac.es\/en\/grupac-will-be-present-at-fruitattraction19\/#breadcrumb\"},\"inLanguage\":\"en-US\",\"potentialAction\":[{\"@type\":\"ReadAction\",\"target\":[\"https:\/\/grupac.es\/en\/grupac-will-be-present-at-fruitattraction19\/\"]}]},{\"@type\":\"BreadcrumbList\",\"@id\":\"https:\/\/grupac.es\/en\/grupac-will-be-present-at-fruitattraction19\/#breadcrumb\",\"itemListElement\":[{\"@type\":\"ListItem\",\"position\":1,\"name\":\"Portada\",\"item\":\"https:\/\/grupac.es\/en\/\"},{\"@type\":\"ListItem\",\"position\":2,\"name\":\"Grupac will be present at FruitAttraction19\"}]},{\"@type\":\"WebSite\",\"@id\":\"https:\/\/grupac.es\/en\/#website\",\"url\":\"https:\/\/grupac.es\/en\/\",\"name\":\"grupac.es\",\"description\":\"Grupo Agricola\",\"potentialAction\":[{\"@type\":\"SearchAction\",\"target\":{\"@type\":\"EntryPoint\",\"urlTemplate\":\"https:\/\/grupac.es\/en\/?s={search_term_string}\"},\"query-input\":\"required name=search_term_string\"}],\"inLanguage\":\"en-US\"},{\"@type\":\"Person\",\"@id\":\"https:\/\/grupac.es\/en\/#\/schema\/person\/a1479e59361e953b060beb199f8d7e82\",\"name\":\"Grupac Grupo Agricola\",\"image\":{\"@type\":\"ImageObject\",\"inLanguage\":\"en-US\",\"@id\":\"https:\/\/grupac.es\/en\/#\/schema\/person\/image\/\",\"url\":\"https:\/\/secure.gravatar.com\/avatar\/34e245e1a0f32175ba9b312f3c031627?s=96&d=mm&r=g\",\"contentUrl\":\"https:\/\/secure.gravatar.com\/avatar\/34e245e1a0f32175ba9b312f3c031627?s=96&d=mm&r=g\",\"caption\":\"Grupac Grupo Agricola\"},\"url\":\"https:\/\/grupac.es\/en\/author\/grupac\/\"}]}<\/script>\n<!-- \/ Yoast SEO plugin. -->","yoast_head_json":{"title":"Grupac will be present at FruitAttraction19 - grupac.es","robots":{"index":"index","follow":"follow","max-snippet":"max-snippet:-1","max-image-preview":"max-image-preview:large","max-video-preview":"max-video-preview:-1"},"canonical":"https:\/\/grupac.es\/en\/grupac-will-be-present-at-fruitattraction19\/","og_locale":"en_US","og_type":"article","og_title":"Grupac will be present at FruitAttraction19 - grupac.es","og_description":"Un A\u00f1o m\u00e1s, Grupo Agr\u00edcola Grupac , S.A. estar\u00e1 presente en la Feria de Madrid. Estaremos encantados de recibirles.","og_url":"https:\/\/grupac.es\/en\/grupac-will-be-present-at-fruitattraction19\/","og_site_name":"grupac.es","article_published_time":"2019-10-01T21:41:18+00:00","article_modified_time":"2019-10-01T21:45:25+00:00","og_image":[{"width":867,"height":168,"url":"https:\/\/grupac.es\/wp-content\/uploads\/2019\/09\/banner-fruit-attraction19-grupac.png","type":"image\/png"}],"author":"Grupac Grupo Agricola","twitter_card":"summary_large_image","twitter_misc":{"Written by":"Grupac Grupo Agricola"},"schema":{"@context":"https:\/\/schema.org","@graph":[{"@type":"WebPage","@id":"https:\/\/grupac.es\/en\/grupac-will-be-present-at-fruitattraction19\/","url":"https:\/\/grupac.es\/en\/grupac-will-be-present-at-fruitattraction19\/","name":"Grupac will be present at FruitAttraction19 - grupac.es","isPartOf":{"@id":"https:\/\/grupac.es\/en\/#website"},"datePublished":"2019-10-01T21:41:18+00:00","dateModified":"2019-10-01T21:45:25+00:00","author":{"@id":"https:\/\/grupac.es\/en\/#\/schema\/person\/a1479e59361e953b060beb199f8d7e82"},"breadcrumb":{"@id":"https:\/\/grupac.es\/en\/grupac-will-be-present-at-fruitattraction19\/#breadcrumb"},"inLanguage":"en-US","potentialAction":[{"@type":"ReadAction","target":["https:\/\/grupac.es\/en\/grupac-will-be-present-at-fruitattraction19\/"]}]},{"@type":"BreadcrumbList","@id":"https:\/\/grupac.es\/en\/grupac-will-be-present-at-fruitattraction19\/#breadcrumb","itemListElement":[{"@type":"ListItem","position":1,"name":"Portada","item":"https:\/\/grupac.es\/en\/"},{"@type":"ListItem","position":2,"name":"Grupac will be present at FruitAttraction19"}]},{"@type":"WebSite","@id":"https:\/\/grupac.es\/en\/#website","url":"https:\/\/grupac.es\/en\/","name":"grupac.es","description":"Grupo Agricola","potentialAction":[{"@type":"SearchAction","target":{"@type":"EntryPoint","urlTemplate":"https:\/\/grupac.es\/en\/?s={search_term_string}"},"query-input":"required name=search_term_string"}],"inLanguage":"en-US"},{"@type":"Person","@id":"https:\/\/grupac.es\/en\/#\/schema\/person\/a1479e59361e953b060beb199f8d7e82","name":"Grupac Grupo Agricola","image":{"@type":"ImageObject","inLanguage":"en-US","@id":"https:\/\/grupac.es\/en\/#\/schema\/person\/image\/","url":"https:\/\/secure.gravatar.com\/avatar\/34e245e1a0f32175ba9b312f3c031627?s=96&d=mm&r=g","contentUrl":"https:\/\/secure.gravatar.com\/avatar\/34e245e1a0f32175ba9b312f3c031627?s=96&d=mm&r=g","caption":"Grupac Grupo Agricola"},"url":"https:\/\/grupac.es\/en\/author\/grupac\/"}]}},"_links":{"self":[{"href":"https:\/\/grupac.es\/en\/wp-json\/wp\/v2\/posts\/12017"}],"collection":[{"href":"https:\/\/grupac.es\/en\/wp-json\/wp\/v2\/posts"}],"about":[{"href":"https:\/\/grupac.es\/en\/wp-json\/wp\/v2\/types\/post"}],"author":[{"embeddable":true,"href":"https:\/\/grupac.es\/en\/wp-json\/wp\/v2\/users\/2"}],"replies":[{"embeddable":true,"href":"https:\/\/grupac.es\/en\/wp-json\/wp\/v2\/comments?post=12017"}],"version-history":[{"count":1,"href":"https:\/\/grupac.es\/en\/wp-json\/wp\/v2\/posts\/12017\/revisions"}],"predecessor-version":[{"id":12018,"href":"https:\/\/grupac.es\/en\/wp-json\/wp\/v2\/posts\/12017\/revisions\/12018"}],"wp:featuredmedia":[{"embeddable":true,"href":"https:\/\/grupac.es\/en\/wp-json\/wp\/v2\/media\/12019"}],"wp:attachment":[{"href":"https:\/\/grupac.es\/en\/wp-json\/wp\/v2\/media?parent=12017"}],"wp:term":[{"taxonomy":"category","embeddable":true,"href":"https:\/\/grupac.es\/en\/wp-json\/wp\/v2\/categories?post=12017"},{"taxonomy":"post_tag","embeddable":true,"href":"https:\/\/grupac.es\/en\/wp-json\/wp\/v2\/tags?post=12017"}],"curies":[{"name":"wp","href":"https:\/\/api.w.org\/{rel}","templated":true}]}}