{"id":12321,"date":"2019-11-05T09:38:18","date_gmt":"2019-11-05T09:38:18","guid":{"rendered":"https:\/\/grupac.es\/?p=12321"},"modified":"2019-11-05T09:40:30","modified_gmt":"2019-11-05T09:40:30","slug":"grupac-in-the-fruit-atracttion-19","status":"publish","type":"post","link":"https:\/\/grupac.es\/en\/grupac-in-the-fruit-atracttion-19\/","title":{"rendered":"Grupac in the Fruit Atracttion 19"},"content":{"rendered":"\n<p>Volvemos a estar, un a\u00f1o m\u00e1s, en la gran cita de inicio de campa\u00f1a: la <strong>Fruit Attraction 19<\/strong>. Cada a\u00f1o vemos una mayor afluencia de visitantes europeos en busca de productos y de servicios adecuados a sus exigencias. Este a\u00f1o hemos podido presentar las nuevas confecciones en pimientos de padr\u00f3n para satisfacer a las nuevas exigencias en cuanto a residuos se refiere.<\/p>\n\n\n\n<p><\/p>\n\n\n\n<ul class=\"wp-block-gallery columns-2 is-cropped wp-block-gallery-1 is-layout-flex wp-block-gallery-is-layout-flex\"><li class=\"blocks-gallery-item\"><figure><img decoding=\"async\" loading=\"lazy\" width=\"1024\" height=\"768\" src=\"https:\/\/grupac.es\/wp-content\/uploads\/2019\/11\/feria-fruitatracttion19-grupac.jpg\" alt=\"\" data-id=\"12313\" data-link=\"https:\/\/grupac.es\/grupac-ha-participado-en-la-fruit-atracttion-19\/feria-fruitatracttion19-grupac\/\" class=\"wp-image-12313\"\/><\/figure><\/li><li class=\"blocks-gallery-item\"><figure><img decoding=\"async\" loading=\"lazy\" width=\"780\" height=\"826\" src=\"https:\/\/grupac.es\/wp-content\/uploads\/2019\/11\/feria-fruitatracttion19-grupac-2.jpg\" alt=\"\" data-id=\"12316\" data-link=\"https:\/\/grupac.es\/grupac-ha-participado-en-la-fruit-atracttion-19\/feria-fruitatracttion19-grupac-2\/\" class=\"wp-image-12316\"\/><\/figure><\/li><\/ul>\n","protected":false},"excerpt":{"rendered":"<p>Volvemos a estar, un a\u00f1o m\u00e1s, en la gran cita de inicio de campa\u00f1a: la Fruit Attraction 19. Cada a\u00f1o vemos una mayor afluencia de visitantes europeos en busca de productos y de servicios adecuados a sus exigencias. Este a\u00f1o hemos podido presentar las nuevas&#8230;<\/p>\n","protected":false},"author":2,"featured_media":12310,"comment_status":"open","ping_status":"closed","sticky":false,"template":"","format":"standard","meta":{"footnotes":""},"categories":[323],"tags":[],"yoast_head":"<!-- This site is optimized with the Yoast SEO plugin v21.4 - https:\/\/yoast.com\/wordpress\/plugins\/seo\/ -->\n<title>Grupac in the Fruit Atracttion 19 - grupac.es<\/title>\n<meta name=\"robots\" content=\"index, follow, max-snippet:-1, max-image-preview:large, max-video-preview:-1\" \/>\n<link rel=\"canonical\" href=\"https:\/\/grupac.es\/en\/grupac-in-the-fruit-atracttion-19\/\" \/>\n<meta property=\"og:locale\" content=\"en_US\" \/>\n<meta property=\"og:type\" content=\"article\" \/>\n<meta property=\"og:title\" content=\"Grupac in the Fruit Atracttion 19 - grupac.es\" \/>\n<meta property=\"og:description\" content=\"Volvemos a estar, un a\u00f1o m\u00e1s, en la gran cita de inicio de campa\u00f1a: la Fruit Attraction 19. Cada a\u00f1o vemos una mayor afluencia de visitantes europeos en busca de productos y de servicios adecuados a sus exigencias. Este a\u00f1o hemos podido presentar las nuevas...\" \/>\n<meta property=\"og:url\" content=\"https:\/\/grupac.es\/en\/grupac-in-the-fruit-atracttion-19\/\" \/>\n<meta property=\"og:site_name\" content=\"grupac.es\" \/>\n<meta property=\"article:published_time\" content=\"2019-11-05T09:38:18+00:00\" \/>\n<meta property=\"article:modified_time\" content=\"2019-11-05T09:40:30+00:00\" \/>\n<meta property=\"og:image\" content=\"https:\/\/grupac.es\/wp-content\/uploads\/2019\/11\/feria-fruitatracttion19-grupac-portada.jpg\" \/>\n\t<meta property=\"og:image:width\" content=\"1600\" \/>\n\t<meta property=\"og:image:height\" content=\"1200\" \/>\n\t<meta property=\"og:image:type\" content=\"image\/jpeg\" \/>\n<meta name=\"author\" content=\"Grupac Grupo Agricola\" \/>\n<meta name=\"twitter:card\" content=\"summary_large_image\" \/>\n<meta name=\"twitter:label1\" content=\"Written by\" \/>\n\t<meta name=\"twitter:data1\" content=\"Grupac Grupo Agricola\" \/>\n<script type=\"application\/ld+json\" class=\"yoast-schema-graph\">{\"@context\":\"https:\/\/schema.org\",\"@graph\":[{\"@type\":\"WebPage\",\"@id\":\"https:\/\/grupac.es\/en\/grupac-in-the-fruit-atracttion-19\/\",\"url\":\"https:\/\/grupac.es\/en\/grupac-in-the-fruit-atracttion-19\/\",\"name\":\"Grupac in the Fruit Atracttion 19 - grupac.es\",\"isPartOf\":{\"@id\":\"https:\/\/grupac.es\/en\/#website\"},\"datePublished\":\"2019-11-05T09:38:18+00:00\",\"dateModified\":\"2019-11-05T09:40:30+00:00\",\"author\":{\"@id\":\"https:\/\/grupac.es\/en\/#\/schema\/person\/a1479e59361e953b060beb199f8d7e82\"},\"breadcrumb\":{\"@id\":\"https:\/\/grupac.es\/en\/grupac-in-the-fruit-atracttion-19\/#breadcrumb\"},\"inLanguage\":\"en-US\",\"potentialAction\":[{\"@type\":\"ReadAction\",\"target\":[\"https:\/\/grupac.es\/en\/grupac-in-the-fruit-atracttion-19\/\"]}]},{\"@type\":\"BreadcrumbList\",\"@id\":\"https:\/\/grupac.es\/en\/grupac-in-the-fruit-atracttion-19\/#breadcrumb\",\"itemListElement\":[{\"@type\":\"ListItem\",\"position\":1,\"name\":\"Portada\",\"item\":\"https:\/\/grupac.es\/en\/\"},{\"@type\":\"ListItem\",\"position\":2,\"name\":\"Grupac in the Fruit Atracttion 19\"}]},{\"@type\":\"WebSite\",\"@id\":\"https:\/\/grupac.es\/en\/#website\",\"url\":\"https:\/\/grupac.es\/en\/\",\"name\":\"grupac.es\",\"description\":\"Grupo Agricola\",\"potentialAction\":[{\"@type\":\"SearchAction\",\"target\":{\"@type\":\"EntryPoint\",\"urlTemplate\":\"https:\/\/grupac.es\/en\/?s={search_term_string}\"},\"query-input\":\"required name=search_term_string\"}],\"inLanguage\":\"en-US\"},{\"@type\":\"Person\",\"@id\":\"https:\/\/grupac.es\/en\/#\/schema\/person\/a1479e59361e953b060beb199f8d7e82\",\"name\":\"Grupac Grupo Agricola\",\"image\":{\"@type\":\"ImageObject\",\"inLanguage\":\"en-US\",\"@id\":\"https:\/\/grupac.es\/en\/#\/schema\/person\/image\/\",\"url\":\"https:\/\/secure.gravatar.com\/avatar\/34e245e1a0f32175ba9b312f3c031627?s=96&d=mm&r=g\",\"contentUrl\":\"https:\/\/secure.gravatar.com\/avatar\/34e245e1a0f32175ba9b312f3c031627?s=96&d=mm&r=g\",\"caption\":\"Grupac Grupo Agricola\"},\"url\":\"https:\/\/grupac.es\/en\/author\/grupac\/\"}]}<\/script>\n<!-- \/ Yoast SEO plugin. -->","yoast_head_json":{"title":"Grupac in the Fruit Atracttion 19 - grupac.es","robots":{"index":"index","follow":"follow","max-snippet":"max-snippet:-1","max-image-preview":"max-image-preview:large","max-video-preview":"max-video-preview:-1"},"canonical":"https:\/\/grupac.es\/en\/grupac-in-the-fruit-atracttion-19\/","og_locale":"en_US","og_type":"article","og_title":"Grupac in the Fruit Atracttion 19 - grupac.es","og_description":"Volvemos a estar, un a\u00f1o m\u00e1s, en la gran cita de inicio de campa\u00f1a: la Fruit Attraction 19. Cada a\u00f1o vemos una mayor afluencia de visitantes europeos en busca de productos y de servicios adecuados a sus exigencias. Este a\u00f1o hemos podido presentar las nuevas...","og_url":"https:\/\/grupac.es\/en\/grupac-in-the-fruit-atracttion-19\/","og_site_name":"grupac.es","article_published_time":"2019-11-05T09:38:18+00:00","article_modified_time":"2019-11-05T09:40:30+00:00","og_image":[{"width":1600,"height":1200,"url":"https:\/\/grupac.es\/wp-content\/uploads\/2019\/11\/feria-fruitatracttion19-grupac-portada.jpg","type":"image\/jpeg"}],"author":"Grupac Grupo Agricola","twitter_card":"summary_large_image","twitter_misc":{"Written by":"Grupac Grupo Agricola"},"schema":{"@context":"https:\/\/schema.org","@graph":[{"@type":"WebPage","@id":"https:\/\/grupac.es\/en\/grupac-in-the-fruit-atracttion-19\/","url":"https:\/\/grupac.es\/en\/grupac-in-the-fruit-atracttion-19\/","name":"Grupac in the Fruit Atracttion 19 - grupac.es","isPartOf":{"@id":"https:\/\/grupac.es\/en\/#website"},"datePublished":"2019-11-05T09:38:18+00:00","dateModified":"2019-11-05T09:40:30+00:00","author":{"@id":"https:\/\/grupac.es\/en\/#\/schema\/person\/a1479e59361e953b060beb199f8d7e82"},"breadcrumb":{"@id":"https:\/\/grupac.es\/en\/grupac-in-the-fruit-atracttion-19\/#breadcrumb"},"inLanguage":"en-US","potentialAction":[{"@type":"ReadAction","target":["https:\/\/grupac.es\/en\/grupac-in-the-fruit-atracttion-19\/"]}]},{"@type":"BreadcrumbList","@id":"https:\/\/grupac.es\/en\/grupac-in-the-fruit-atracttion-19\/#breadcrumb","itemListElement":[{"@type":"ListItem","position":1,"name":"Portada","item":"https:\/\/grupac.es\/en\/"},{"@type":"ListItem","position":2,"name":"Grupac in the Fruit Atracttion 19"}]},{"@type":"WebSite","@id":"https:\/\/grupac.es\/en\/#website","url":"https:\/\/grupac.es\/en\/","name":"grupac.es","description":"Grupo Agricola","potentialAction":[{"@type":"SearchAction","target":{"@type":"EntryPoint","urlTemplate":"https:\/\/grupac.es\/en\/?s={search_term_string}"},"query-input":"required name=search_term_string"}],"inLanguage":"en-US"},{"@type":"Person","@id":"https:\/\/grupac.es\/en\/#\/schema\/person\/a1479e59361e953b060beb199f8d7e82","name":"Grupac Grupo Agricola","image":{"@type":"ImageObject","inLanguage":"en-US","@id":"https:\/\/grupac.es\/en\/#\/schema\/person\/image\/","url":"https:\/\/secure.gravatar.com\/avatar\/34e245e1a0f32175ba9b312f3c031627?s=96&d=mm&r=g","contentUrl":"https:\/\/secure.gravatar.com\/avatar\/34e245e1a0f32175ba9b312f3c031627?s=96&d=mm&r=g","caption":"Grupac Grupo Agricola"},"url":"https:\/\/grupac.es\/en\/author\/grupac\/"}]}},"_links":{"self":[{"href":"https:\/\/grupac.es\/en\/wp-json\/wp\/v2\/posts\/12321"}],"collection":[{"href":"https:\/\/grupac.es\/en\/wp-json\/wp\/v2\/posts"}],"about":[{"href":"https:\/\/grupac.es\/en\/wp-json\/wp\/v2\/types\/post"}],"author":[{"embeddable":true,"href":"https:\/\/grupac.es\/en\/wp-json\/wp\/v2\/users\/2"}],"replies":[{"embeddable":true,"href":"https:\/\/grupac.es\/en\/wp-json\/wp\/v2\/comments?post=12321"}],"version-history":[{"count":1,"href":"https:\/\/grupac.es\/en\/wp-json\/wp\/v2\/posts\/12321\/revisions"}],"predecessor-version":[{"id":12322,"href":"https:\/\/grupac.es\/en\/wp-json\/wp\/v2\/posts\/12321\/revisions\/12322"}],"wp:featuredmedia":[{"embeddable":true,"href":"https:\/\/grupac.es\/en\/wp-json\/wp\/v2\/media\/12310"}],"wp:attachment":[{"href":"https:\/\/grupac.es\/en\/wp-json\/wp\/v2\/media?parent=12321"}],"wp:term":[{"taxonomy":"category","embeddable":true,"href":"https:\/\/grupac.es\/en\/wp-json\/wp\/v2\/categories?post=12321"},{"taxonomy":"post_tag","embeddable":true,"href":"https:\/\/grupac.es\/en\/wp-json\/wp\/v2\/tags?post=12321"}],"curies":[{"name":"wp","href":"https:\/\/api.w.org\/{rel}","templated":true}]}}