{"id":12363,"date":"2020-01-22T17:10:12","date_gmt":"2020-01-22T17:10:12","guid":{"rendered":"https:\/\/grupac.es\/?p=12363"},"modified":"2020-01-22T17:10:14","modified_gmt":"2020-01-22T17:10:14","slug":"fruit-logistica-2020","status":"publish","type":"post","link":"https:\/\/grupac.es\/fr\/fruit-logistica-2020\/","title":{"rendered":"FRUIT LOGISTICA 2020"},"content":{"rendered":"\n<figure class=\"wp-block-image is-resized\"><img decoding=\"async\" loading=\"lazy\" src=\"https:\/\/grupac.es\/wp-content\/uploads\/2020\/01\/BANNER-FL19-2.png\" alt=\"\" class=\"wp-image-12364\" width=\"804\" height=\"210\"\/><\/figure>\n\n\n\n<p>Avec nos partenaires UNION PRIMEURS en France, nous serons pr\u00e9sents au Salon International de Berlin, FRUIT LOGISTICA 2020. Nous pourrons ainsi vous informer de l&rsquo;\u00e9volution des campagnes en cours dans les Poires, Agrumes et L\u00e9gumes, ainsi que vous informer sur les prochaines campagnes de printemps- \u00c9t\u00e9 avec fruits \u00e0 noyau et cerises. Nous serons heureux de vous rencontrer sur notre Stand B-05 dans le Hall 22.<\/p>\n","protected":false},"excerpt":{"rendered":"<p>Avec nos partenaires UNION PRIMEURS en France, nous serons pr\u00e9sents au Salon International de Berlin, FRUIT LOGISTICA 2020. Nous pourrons ainsi vous informer de l&rsquo;\u00e9volution des campagnes en cours dans les Poires, Agrumes et L\u00e9gumes, ainsi que vous informer sur les prochaines campagnes de printemps-&#8230;<\/p>\n","protected":false},"author":2,"featured_media":12366,"comment_status":"open","ping_status":"closed","sticky":false,"template":"","format":"standard","meta":{"footnotes":""},"categories":[318],"tags":[],"yoast_head":"<!-- This site is optimized with the Yoast SEO plugin v21.4 - https:\/\/yoast.com\/wordpress\/plugins\/seo\/ -->\n<title>FRUIT LOGISTICA 2020 - grupac.es<\/title>\n<meta name=\"robots\" content=\"index, follow, max-snippet:-1, max-image-preview:large, max-video-preview:-1\" \/>\n<link rel=\"canonical\" href=\"https:\/\/grupac.es\/fr\/fruit-logistica-2020\/\" \/>\n<meta property=\"og:locale\" content=\"fr_FR\" \/>\n<meta property=\"og:type\" content=\"article\" \/>\n<meta property=\"og:title\" content=\"FRUIT LOGISTICA 2020 - grupac.es\" \/>\n<meta property=\"og:description\" content=\"Avec nos partenaires UNION PRIMEURS en France, nous serons pr\u00e9sents au Salon International de Berlin, FRUIT LOGISTICA 2020. Nous pourrons ainsi vous informer de l&rsquo;\u00e9volution des campagnes en cours dans les Poires, Agrumes et L\u00e9gumes, ainsi que vous informer sur les prochaines campagnes de printemps-...\" \/>\n<meta property=\"og:url\" content=\"https:\/\/grupac.es\/fr\/fruit-logistica-2020\/\" \/>\n<meta property=\"og:site_name\" content=\"grupac.es\" \/>\n<meta property=\"article:published_time\" content=\"2020-01-22T17:10:12+00:00\" \/>\n<meta property=\"article:modified_time\" content=\"2020-01-22T17:10:14+00:00\" \/>\n<meta property=\"og:image\" content=\"https:\/\/grupac.es\/wp-content\/uploads\/2020\/01\/BANNER-FL19-2.png\" \/>\n\t<meta property=\"og:image:width\" content=\"490\" \/>\n\t<meta property=\"og:image:height\" content=\"128\" \/>\n\t<meta property=\"og:image:type\" content=\"image\/png\" \/>\n<meta name=\"author\" content=\"Grupac Grupo Agricola\" \/>\n<meta name=\"twitter:card\" content=\"summary_large_image\" \/>\n<meta name=\"twitter:label1\" content=\"\u00c9crit par\" \/>\n\t<meta name=\"twitter:data1\" content=\"Grupac Grupo Agricola\" \/>\n<script type=\"application\/ld+json\" class=\"yoast-schema-graph\">{\"@context\":\"https:\/\/schema.org\",\"@graph\":[{\"@type\":\"WebPage\",\"@id\":\"https:\/\/grupac.es\/fr\/fruit-logistica-2020\/\",\"url\":\"https:\/\/grupac.es\/fr\/fruit-logistica-2020\/\",\"name\":\"FRUIT LOGISTICA 2020 - grupac.es\",\"isPartOf\":{\"@id\":\"https:\/\/grupac.es\/fr\/#website\"},\"datePublished\":\"2020-01-22T17:10:12+00:00\",\"dateModified\":\"2020-01-22T17:10:14+00:00\",\"author\":{\"@id\":\"https:\/\/grupac.es\/fr\/#\/schema\/person\/a1479e59361e953b060beb199f8d7e82\"},\"breadcrumb\":{\"@id\":\"https:\/\/grupac.es\/fr\/fruit-logistica-2020\/#breadcrumb\"},\"inLanguage\":\"fr-FR\",\"potentialAction\":[{\"@type\":\"ReadAction\",\"target\":[\"https:\/\/grupac.es\/fr\/fruit-logistica-2020\/\"]}]},{\"@type\":\"BreadcrumbList\",\"@id\":\"https:\/\/grupac.es\/fr\/fruit-logistica-2020\/#breadcrumb\",\"itemListElement\":[{\"@type\":\"ListItem\",\"position\":1,\"name\":\"Portada\",\"item\":\"https:\/\/grupac.es\/fr\/\"},{\"@type\":\"ListItem\",\"position\":2,\"name\":\"FRUIT LOGISTICA 2020\"}]},{\"@type\":\"WebSite\",\"@id\":\"https:\/\/grupac.es\/fr\/#website\",\"url\":\"https:\/\/grupac.es\/fr\/\",\"name\":\"grupac.es\",\"description\":\"Grupo Agricola\",\"potentialAction\":[{\"@type\":\"SearchAction\",\"target\":{\"@type\":\"EntryPoint\",\"urlTemplate\":\"https:\/\/grupac.es\/fr\/?s={search_term_string}\"},\"query-input\":\"required name=search_term_string\"}],\"inLanguage\":\"fr-FR\"},{\"@type\":\"Person\",\"@id\":\"https:\/\/grupac.es\/fr\/#\/schema\/person\/a1479e59361e953b060beb199f8d7e82\",\"name\":\"Grupac Grupo Agricola\",\"image\":{\"@type\":\"ImageObject\",\"inLanguage\":\"fr-FR\",\"@id\":\"https:\/\/grupac.es\/fr\/#\/schema\/person\/image\/\",\"url\":\"https:\/\/secure.gravatar.com\/avatar\/34e245e1a0f32175ba9b312f3c031627?s=96&d=mm&r=g\",\"contentUrl\":\"https:\/\/secure.gravatar.com\/avatar\/34e245e1a0f32175ba9b312f3c031627?s=96&d=mm&r=g\",\"caption\":\"Grupac Grupo Agricola\"},\"url\":\"https:\/\/grupac.es\/fr\/author\/grupac\/\"}]}<\/script>\n<!-- \/ Yoast SEO plugin. -->","yoast_head_json":{"title":"FRUIT LOGISTICA 2020 - grupac.es","robots":{"index":"index","follow":"follow","max-snippet":"max-snippet:-1","max-image-preview":"max-image-preview:large","max-video-preview":"max-video-preview:-1"},"canonical":"https:\/\/grupac.es\/fr\/fruit-logistica-2020\/","og_locale":"fr_FR","og_type":"article","og_title":"FRUIT LOGISTICA 2020 - grupac.es","og_description":"Avec nos partenaires UNION PRIMEURS en France, nous serons pr\u00e9sents au Salon International de Berlin, FRUIT LOGISTICA 2020. Nous pourrons ainsi vous informer de l&rsquo;\u00e9volution des campagnes en cours dans les Poires, Agrumes et L\u00e9gumes, ainsi que vous informer sur les prochaines campagnes de printemps-...","og_url":"https:\/\/grupac.es\/fr\/fruit-logistica-2020\/","og_site_name":"grupac.es","article_published_time":"2020-01-22T17:10:12+00:00","article_modified_time":"2020-01-22T17:10:14+00:00","og_image":[{"width":490,"height":128,"url":"https:\/\/grupac.es\/wp-content\/uploads\/2020\/01\/BANNER-FL19-2.png","type":"image\/png"}],"author":"Grupac Grupo Agricola","twitter_card":"summary_large_image","twitter_misc":{"\u00c9crit par":"Grupac Grupo Agricola"},"schema":{"@context":"https:\/\/schema.org","@graph":[{"@type":"WebPage","@id":"https:\/\/grupac.es\/fr\/fruit-logistica-2020\/","url":"https:\/\/grupac.es\/fr\/fruit-logistica-2020\/","name":"FRUIT LOGISTICA 2020 - grupac.es","isPartOf":{"@id":"https:\/\/grupac.es\/fr\/#website"},"datePublished":"2020-01-22T17:10:12+00:00","dateModified":"2020-01-22T17:10:14+00:00","author":{"@id":"https:\/\/grupac.es\/fr\/#\/schema\/person\/a1479e59361e953b060beb199f8d7e82"},"breadcrumb":{"@id":"https:\/\/grupac.es\/fr\/fruit-logistica-2020\/#breadcrumb"},"inLanguage":"fr-FR","potentialAction":[{"@type":"ReadAction","target":["https:\/\/grupac.es\/fr\/fruit-logistica-2020\/"]}]},{"@type":"BreadcrumbList","@id":"https:\/\/grupac.es\/fr\/fruit-logistica-2020\/#breadcrumb","itemListElement":[{"@type":"ListItem","position":1,"name":"Portada","item":"https:\/\/grupac.es\/fr\/"},{"@type":"ListItem","position":2,"name":"FRUIT LOGISTICA 2020"}]},{"@type":"WebSite","@id":"https:\/\/grupac.es\/fr\/#website","url":"https:\/\/grupac.es\/fr\/","name":"grupac.es","description":"Grupo Agricola","potentialAction":[{"@type":"SearchAction","target":{"@type":"EntryPoint","urlTemplate":"https:\/\/grupac.es\/fr\/?s={search_term_string}"},"query-input":"required name=search_term_string"}],"inLanguage":"fr-FR"},{"@type":"Person","@id":"https:\/\/grupac.es\/fr\/#\/schema\/person\/a1479e59361e953b060beb199f8d7e82","name":"Grupac Grupo Agricola","image":{"@type":"ImageObject","inLanguage":"fr-FR","@id":"https:\/\/grupac.es\/fr\/#\/schema\/person\/image\/","url":"https:\/\/secure.gravatar.com\/avatar\/34e245e1a0f32175ba9b312f3c031627?s=96&d=mm&r=g","contentUrl":"https:\/\/secure.gravatar.com\/avatar\/34e245e1a0f32175ba9b312f3c031627?s=96&d=mm&r=g","caption":"Grupac Grupo Agricola"},"url":"https:\/\/grupac.es\/fr\/author\/grupac\/"}]}},"_links":{"self":[{"href":"https:\/\/grupac.es\/fr\/wp-json\/wp\/v2\/posts\/12363"}],"collection":[{"href":"https:\/\/grupac.es\/fr\/wp-json\/wp\/v2\/posts"}],"about":[{"href":"https:\/\/grupac.es\/fr\/wp-json\/wp\/v2\/types\/post"}],"author":[{"embeddable":true,"href":"https:\/\/grupac.es\/fr\/wp-json\/wp\/v2\/users\/2"}],"replies":[{"embeddable":true,"href":"https:\/\/grupac.es\/fr\/wp-json\/wp\/v2\/comments?post=12363"}],"version-history":[{"count":1,"href":"https:\/\/grupac.es\/fr\/wp-json\/wp\/v2\/posts\/12363\/revisions"}],"predecessor-version":[{"id":12367,"href":"https:\/\/grupac.es\/fr\/wp-json\/wp\/v2\/posts\/12363\/revisions\/12367"}],"wp:featuredmedia":[{"embeddable":true,"href":"https:\/\/grupac.es\/fr\/wp-json\/wp\/v2\/media\/12366"}],"wp:attachment":[{"href":"https:\/\/grupac.es\/fr\/wp-json\/wp\/v2\/media?parent=12363"}],"wp:term":[{"taxonomy":"category","embeddable":true,"href":"https:\/\/grupac.es\/fr\/wp-json\/wp\/v2\/categories?post=12363"},{"taxonomy":"post_tag","embeddable":true,"href":"https:\/\/grupac.es\/fr\/wp-json\/wp\/v2\/tags?post=12363"}],"curies":[{"name":"wp","href":"https:\/\/api.w.org\/{rel}","templated":true}]}}